{"id":199,"date":"2018-07-01T02:58:20","date_gmt":"2018-07-01T05:58:20","guid":{"rendered":"https:\/\/fotografiaprofissional.org\/?p=199"},"modified":"2018-07-01T02:58:20","modified_gmt":"2018-07-01T05:58:20","slug":"gopro-anuncia-hero3","status":"publish","type":"post","link":"https:\/\/fotografiaprofissional.org\/en\/gopro-anuncia-hero3\/","title":{"rendered":"Gopro Lan\u00e7A Nova C\u00e2Mera Hero3+"},"content":{"rendered":"<p>Com tantos rumores de lan\u00e7amentos de c\u00e2meras digitais pro m\u00eas de outubro, ningu\u00e9m estava prestando muita aten\u00e7\u00e3o na GoPro at\u00e9 a semana passada, quando a empresa revelou um upgrade da sua popular Hero 3, a Hero3+ \u2014 menor, mais leve e com mais recursos para os viciados em aventura.<\/p>\n<p><img fetchpriority=\"high\" decoding=\"async\" class=\"size-full wp-image-200 aligncenter\" src=\"https:\/\/fotografiaprofissional.org\/wp-content\/uploads\/2018\/07\/hero3_2.jpg\" alt=\"hero3+_2\" width=\"535\" height=\"365\" srcset=\"https:\/\/fotografiaprofissional.org\/wp-content\/uploads\/2018\/07\/hero3_2.jpg 535w, https:\/\/fotografiaprofissional.org\/wp-content\/uploads\/2018\/07\/hero3_2-300x205.jpg 300w\" sizes=\"(max-width: 535px) 100vw, 535px\" \/><\/p>\n<p>O slogan para esta nova c\u00e2mera \u00e9 \u201cmenor, mais leve, mais poderosa ainda\u201d, e n\u00e3o posso dizer que est\u00e3o exagerando\u2026 todas as tr\u00eas afirma\u00e7\u00f5es parecem ser verdadeiras!<\/p>\n<p>Assim como sua antecessora, a Hero3+ est\u00e1 dispon\u00edvel em uma vers\u00e3o mais robusta na cor preta (<em>Black Edition<\/em> por U$399.99) e outra um pouco mais limitada (mas ainda assim muito potente) na cor prata (<em>Silver Edition<\/em> por U$299.99) para os que preferem uma op\u00e7\u00e3o mais em conta. Mesmo que o modelo preto tenha recebido a maior parte das altera\u00e7\u00f5es, as duas c\u00e2meras receberam upgrades not\u00e1veis.<\/p>\n<p>No modelo <em>Black Edition<\/em>, a GoPro conseguiu diminuir ainda mais seu tamanho (cerca de 20% menor), deixou a conex\u00e3o WiFi quatro vezes mais r\u00e1pida, e a qualidade e nitidez das imagens 33% melhores (gra\u00e7as a uma nova lente).<\/p>\n<p>Tudo isso com um aumento de 30% na vida-\u00fatil da bateria.<\/p>\n<p>J\u00e1 o modelo na cor prata tamb\u00e9m recebeu melhorias de performance com o WiFi 4x mais r\u00e1pido, tamanho 15% menor, a possibilidade de filmar em 1080p a 60fps e 720p a 120fps, e processamento de imagem 2x mais r\u00e1pido do que o modelo anterior.<\/p>\n<p>Al\u00e9m disso, o modelo <em>Black Edition<\/em> tamb\u00e9m vem com algumas melhorias no seu <em>firmware<\/em>. Um novo modo autom\u00e1tico para filmar com pouca luz (<em>Auto Low Light Mode<\/em>) ir\u00e1 automaticamente ajustar a taxa de frames por segundo quando a luz ambiente mudar evitando <em>flickering<\/em> no v\u00eddeo.<\/p>\n<p>Foi acrescentado tamb\u00e9m o modo <em>SuperView <\/em>que permite agora fazer v\u00eddeos <em>wide-angle<\/em> (16:9).<\/p>\n<p>Aqui est\u00e1 um v\u00eddeo liberado pela GoPro mostrando do que a Hero3+ <em>Black Edicion<\/em> \u00e9 capaz:<\/p>\n<p>\u201cA Hero3+ ilustra o comprometimento da GoPro com a inova\u00e7\u00e3o,\u201d diz o fundador e CEO da empresa Nicholas Woodman. \u201cN\u00f3s pegamos a c\u00e2mera ultracompacta mais vendida do mundo e a melhoramos porque somos incans\u00e1veis na busca em oferecer sempre a melhor experi\u00eancia aos nossos consumidores.\u201d<\/p>\n<p>Se voc\u00ea quiser saber mais, ou comprar uma dessas incr\u00edveis c\u00e2meras, v\u00e1 at\u00e9 o site da GoPro para mais detalhes. Os dois modelos come\u00e7aram a ser vendidas esta semana.<\/p>","protected":false},"excerpt":{"rendered":"<p>Com tantos rumores de lan\u00e7amentos de c\u00e2meras digitais pro m\u00eas de outubro, ningu\u00e9m estava prestando muita&hellip;<\/p>","protected":false},"author":1,"featured_media":200,"comment_status":"open","ping_status":"open","sticky":false,"template":"","format":"standard","meta":{"_lmt_disableupdate":"","_lmt_disable":"","ngg_post_thumbnail":0,"footnotes":""},"categories":[1],"tags":[],"class_list":["post-199","post","type-post","status-publish","format-standard","has-post-thumbnail","hentry","category-uncategorized"],"amp_enabled":true,"_links":{"self":[{"href":"https:\/\/fotografiaprofissional.org\/en\/wp-json\/wp\/v2\/posts\/199","targetHints":{"allow":["GET"]}}],"collection":[{"href":"https:\/\/fotografiaprofissional.org\/en\/wp-json\/wp\/v2\/posts"}],"about":[{"href":"https:\/\/fotografiaprofissional.org\/en\/wp-json\/wp\/v2\/types\/post"}],"author":[{"embeddable":true,"href":"https:\/\/fotografiaprofissional.org\/en\/wp-json\/wp\/v2\/users\/1"}],"replies":[{"embeddable":true,"href":"https:\/\/fotografiaprofissional.org\/en\/wp-json\/wp\/v2\/comments?post=199"}],"version-history":[{"count":1,"href":"https:\/\/fotografiaprofissional.org\/en\/wp-json\/wp\/v2\/posts\/199\/revisions"}],"predecessor-version":[{"id":201,"href":"https:\/\/fotografiaprofissional.org\/en\/wp-json\/wp\/v2\/posts\/199\/revisions\/201"}],"wp:featuredmedia":[{"embeddable":true,"href":"https:\/\/fotografiaprofissional.org\/en\/wp-json\/wp\/v2\/media\/200"}],"wp:attachment":[{"href":"https:\/\/fotografiaprofissional.org\/en\/wp-json\/wp\/v2\/media?parent=199"}],"wp:term":[{"taxonomy":"category","embeddable":true,"href":"https:\/\/fotografiaprofissional.org\/en\/wp-json\/wp\/v2\/categories?post=199"},{"taxonomy":"post_tag","embeddable":true,"href":"https:\/\/fotografiaprofissional.org\/en\/wp-json\/wp\/v2\/tags?post=199"}],"curies":[{"name":"wp","href":"https:\/\/api.w.org\/{rel}","templated":true}]}}